{"id":2491,"date":"2026-09-05T22:27:55","date_gmt":"2026-09-05T20:27:55","guid":{"rendered":"https:\/\/parafianiedzieliska.pl\/?p=2491"},"modified":"2026-09-05T22:27:55","modified_gmt":"2026-09-05T20:27:55","slug":"xxiii-niedziela-zwykla-6-09-2026","status":"publish","type":"post","link":"https:\/\/parafianiedzieliska.pl\/?p=2491","title":{"rendered":"XXIII Niedziela zwyk\u0142a 6.09.2026"},"content":{"rendered":"\n<ol class=\"wp-block-list\">\n<li>Prze\u017cywamy XXIII Niedziel\u0119 zwyk\u0142\u0105. Msze \u015bw.: o 7.30, 9.00 \u2013 kaplica, Suma o godz. 11.00. <strong>Dzisiaj zmiana Tajemnic R\u00f3\u017ca\u0144cowych z racji I niedzieli miesi\u0105ca. Przysz\u0142\u0105 niedziel\u0119 b\u0119dziemy prze\u017cywa\u0107 jako inwestycyjn\u0105. Ju\u017c sk\u0142adam wdzi\u0119czne B\u00f3g zap\u0142a\u0107 za wszelk\u0105 pomoc i wsparcie dzia\u0142a\u0144 podejmowanych w naszej parafii.<\/strong><\/li>\n\n\n\n<li>Dzi\u0119kuj\u0119 za sprz\u0105tanie, wystrojenie i trosk\u0119 o ko\u015bci\u00f3\u0142 parafialny i kaplic\u0119 oraz z\u0142o\u017con\u0105 ofiar\u0119 Rodzinom: Paulina Kania, Piotr Czarny, Rafa\u0142 Budyn, Krystyna Budyn, Wiktoria Derela, Zofia Wojnicka. Na ten tydzie\u0144 prosz\u0119 obj\u0119cie trosk\u0105 naszej \u015bwi\u0105tyni przez nast\u0119puj\u0105ce Rodziny: Anna Winczura, Karolina Domi\u0144ska, Albina Fasula, Joanna Czachor, Maria Gruszka. <\/li>\n\n\n\n<li>W pi\u0105tek odby\u0142o si\u0119 spotkanie organizacyjne dotycz\u0105ce Pikniku Jesiennego na Wisowatkach z przeznaczeniem na drog\u0119 procesyjn\u0105 wok\u00f3\u0142 kaplicy. <strong>W imieniu organizator\u00f3w i swoim w\u0142asnym BARDZO SERDECZNIE JU\u017b ZAPRASZAMY NA TO WYDARZENIE W DNIU 20 WRZE\u015aNIA. ROZPOCZNIEMY MSZ\u0104 \u015aW. O GODZ. 11.00. Wszystkich powitamy domowym roso\u0142em, zaplanowana jest szeroka paleta przer\u00f3\u017cnych potraw kulinarnych, atrakcje dla dzieci, m\u0142odzie\u017cy i doros\u0142ych. Wieczorem zabawa pod gwiazdami przy d\u017awi\u0119kach Zespo\u0142u ZAWROTNI. Ca\u0142o\u015b\u0107 poprowadzi DJ LOTNIK. SERDECZNIE ZAPRASZAMY.<\/strong><\/li>\n\n\n\n<li>W \u015brod\u0119 na godz. 19.00 zapraszam na Plebani\u0119 na spotkanie Rad\u0119 Parafialn\u0105.<\/li>\n\n\n\n<li><strong>Drodzy Parafianie.<\/strong> Zwracam si\u0119 do Was z uprzejm\u0105 pro\u015bb\u0105 o wypo\u017cyczenie starych zdj\u0119\u0107 kaplicy na Wisowatkach i Ko\u015bcio\u0142a parafialnego. Prosz\u0119 o podpisanie zdj\u0119\u0107, aby je odda\u0107 w\u0142a\u015bcicielowi. Chcemy uzupe\u0142ni\u0107 histori\u0119 kaplicy i ko\u015bcio\u0142a parafialnego przed czekaj\u0105cymi nas Jubileuszami 75 lecia i 100 lecia. Bardzo serdecznie DZI\u0118KUJ\u0118 za wyrozumia\u0142o\u015b\u0107 i \u017cyczliwo\u015b\u0107 w tej sprawie.<\/li>\n\n\n\n<li>W pi\u0105tek po Mszy \u015bw. wieczornej zapraszam na spotkanie Grupy M\u0142odzie\u017cowej, natomiast LSO zapraszam w sobot\u0119 na godz. 9.00. w Zakrystii mo\u017cna si\u0119 zapisa\u0107 do DSMu \u2013 je\u015bli zbierze si\u0119 odpowiednia ilo\u015b\u0107 os\u00f3b to utworzymy t\u0105 Grup\u0119 w parafii.<\/li>\n\n\n\n<li>So\u0142tys informuje, \u017ce 12 wrze\u015bnia, tj. sobota b\u0119dzie przyjmowa\u0142 3 rat\u0119 podatku w Domu Ludowym od godz. 8.00 \u2013 9.00<\/li>\n\n\n\n<li>\u015awi\u0119tuj\u0105cym w tym tygodniu swoje Urodziny, Imieniny i Jubileusze Ma\u0142\u017ce\u0144skie sk\u0142adam serdeczne \u017cyczenia.<\/li>\n\n\n\n<li>We wtorek odby\u0142 si\u0119 pogrzeb \u015bp. Krystyny Kiczka. Rodzinie sk\u0142adam szczere wyrazy wsp\u00f3\u0142czucia, a zmar\u0142\u0105 polecamy Bo\u017cemu Mi\u0142osierdziu.<\/li>\n<\/ol>\n","protected":false},"excerpt":{"rendered":"","protected":false},"author":1,"featured_media":0,"comment_status":"open","ping_status":"open","sticky":false,"template":"","format":"standard","meta":{"_eb_attr":"","footnotes":""},"categories":[3,4],"tags":[],"class_list":["post-2491","post","type-post","status-publish","format-standard","hentry","category-aktualnosci","category-ogloszenia-parafialne"],"_links":{"self":[{"href":"https:\/\/parafianiedzieliska.pl\/index.php?rest_route=\/wp\/v2\/posts\/2491","targetHints":{"allow":["GET"]}}],"collection":[{"href":"https:\/\/parafianiedzieliska.pl\/index.php?rest_route=\/wp\/v2\/posts"}],"about":[{"href":"https:\/\/parafianiedzieliska.pl\/index.php?rest_route=\/wp\/v2\/types\/post"}],"author":[{"embeddable":true,"href":"https:\/\/parafianiedzieliska.pl\/index.php?rest_route=\/wp\/v2\/users\/1"}],"replies":[{"embeddable":true,"href":"https:\/\/parafianiedzieliska.pl\/index.php?rest_route=%2Fwp%2Fv2%2Fcomments&post=2491"}],"version-history":[{"count":1,"href":"https:\/\/parafianiedzieliska.pl\/index.php?rest_route=\/wp\/v2\/posts\/2491\/revisions"}],"predecessor-version":[{"id":2492,"href":"https:\/\/parafianiedzieliska.pl\/index.php?rest_route=\/wp\/v2\/posts\/2491\/revisions\/2492"}],"wp:attachment":[{"href":"https:\/\/parafianiedzieliska.pl\/index.php?rest_route=%2Fwp%2Fv2%2Fmedia&parent=2491"}],"wp:term":[{"taxonomy":"category","embeddable":true,"href":"https:\/\/parafianiedzieliska.pl\/index.php?rest_route=%2Fwp%2Fv2%2Fcategories&post=2491"},{"taxonomy":"post_tag","embeddable":true,"href":"https:\/\/parafianiedzieliska.pl\/index.php?rest_route=%2Fwp%2Fv2%2Ftags&post=2491"}],"curies":[{"name":"wp","href":"https:\/\/api.w.org\/{rel}","templated":true}]}}