{"id":2489,"date":"2026-09-05T22:26:19","date_gmt":"2026-09-05T20:26:19","guid":{"rendered":"https:\/\/parafianiedzieliska.pl\/?p=2489"},"modified":"2026-09-05T22:26:19","modified_gmt":"2026-09-05T20:26:19","slug":"intencje-mszy-swietych-od-7-13-09-2026","status":"publish","type":"post","link":"https:\/\/parafianiedzieliska.pl\/?p=2489","title":{"rendered":"Intencje Mszy \u015awi\u0119tych od 7 &#8211; 13.09.2026"},"content":{"rendered":"\n<p class=\"wp-block-paragraph\"><strong>Poniedzia\u0142ek<\/strong><\/p>\n\n\n\n<p class=\"wp-block-paragraph\"><strong>18<sup>00<\/sup><\/strong>+ Janina Czesak z int. rodziny Flasz\u00f3w<\/p>\n\n\n\n<p class=\"wp-block-paragraph\"><strong>Wtorek<\/strong><\/p>\n\n\n\n<p class=\"wp-block-paragraph\"><strong>7<sup>00 <\/sup><\/strong>++ Jan Solak oraz jego rodzice o rado\u015b\u0107 nieba<\/p>\n\n\n\n<p class=\"wp-block-paragraph\"><strong>\u015aroda <sup><\/sup><\/strong><\/p>\n\n\n\n<p class=\"wp-block-paragraph\"><strong>18<sup>00 <\/sup>++ <\/strong>Maria i W\u0142adys\u0142aw J\u0119dras o szcz\u0119\u015bcie wieczne &nbsp;<strong>&nbsp;<\/strong><\/p>\n\n\n\n<p class=\"wp-block-paragraph\"><strong>Czwartek<\/strong><\/p>\n\n\n\n<p class=\"wp-block-paragraph\"><strong>&nbsp;7<sup>00 <\/sup><\/strong>o \u0142ask\u0119 zdrowia dla Stanis\u0142awa z int. Doroty i Wac\u0142awa Baran<\/p>\n\n\n\n<p class=\"wp-block-paragraph\"><strong>Pi\u0105tek<\/strong><\/p>\n\n\n\n<p class=\"wp-block-paragraph\"><strong>18<sup>00 <\/sup><\/strong>++ Zofia Budek w 2 r. \u015bm., m\u0105\u017c Jan z int c\u00f3rki o rado\u015b\u0107 nieba<\/p>\n\n\n\n<p class=\"wp-block-paragraph\"><strong>Sobota<\/strong><\/p>\n\n\n\n<p class=\"wp-block-paragraph\"><strong>7<sup>00<\/sup><\/strong> + Janina Czesak z int. chrze\u015bnicy Teresy z rodzin\u0105<\/p>\n\n\n\n<p class=\"wp-block-paragraph\"><strong>&nbsp;NIEDZIELA<\/strong><\/p>\n\n\n\n<p class=\"wp-block-paragraph\"><strong>7<sup>30<\/sup><\/strong> za dusze w czy\u015b\u0107cu cierpi\u0105ce z int. pewnej rodziny<\/p>\n\n\n\n<p class=\"wp-block-paragraph\"><strong>9<sup>00<\/sup><\/strong> w podzi\u0119kowaniu za otrzymane \u0142aski, dz. z pro\u015bb\u0105 o Bo\u017ce b\u0142. zdrowie, Dary Ducha \u015aw. opiek\u0119 Serca Pana Jezusa i Matki Naj\u015bwi\u0119tszej oraz wszelkie potrzebne \u0142aski dla Marii z ok. 60 r. urodzin &nbsp;<\/p>\n\n\n\n<p class=\"wp-block-paragraph\"><strong>11<sup>00<\/sup><\/strong><sup> <\/sup>w int. Marii i Krzysztofa w 40 r. \u015blubu z podzi\u0119kowaniem za dar ich mi\u0142o\u015bci z pro\u015bb\u0105 o dalsze Bo\u017ce b\u0142. i zdrowie na kolejne lata wsp\u00f3lnego \u017cycia z int. c\u00f3rek z rodzinami. &nbsp;<\/p>\n","protected":false},"excerpt":{"rendered":"<p>Poniedzia\u0142ek 1800+ Janina Czesak z int. rodziny Flasz\u00f3w Wtorek 700 ++ Jan Solak oraz jego rodzice o rado\u015b\u0107 nieba \u015aroda 1800 ++ Maria i W\u0142adys\u0142aw J\u0119dras o szcz\u0119\u015bcie wieczne &nbsp;&nbsp; Czwartek &nbsp;700 o \u0142ask\u0119&#46;&#46;&#46;<\/p>\n","protected":false},"author":1,"featured_media":0,"comment_status":"open","ping_status":"open","sticky":false,"template":"","format":"standard","meta":{"_eb_attr":"","footnotes":""},"categories":[3,5],"tags":[],"class_list":["post-2489","post","type-post","status-publish","format-standard","hentry","category-aktualnosci","category-intencje-mszy-sw"],"_links":{"self":[{"href":"https:\/\/parafianiedzieliska.pl\/index.php?rest_route=\/wp\/v2\/posts\/2489","targetHints":{"allow":["GET"]}}],"collection":[{"href":"https:\/\/parafianiedzieliska.pl\/index.php?rest_route=\/wp\/v2\/posts"}],"about":[{"href":"https:\/\/parafianiedzieliska.pl\/index.php?rest_route=\/wp\/v2\/types\/post"}],"author":[{"embeddable":true,"href":"https:\/\/parafianiedzieliska.pl\/index.php?rest_route=\/wp\/v2\/users\/1"}],"replies":[{"embeddable":true,"href":"https:\/\/parafianiedzieliska.pl\/index.php?rest_route=%2Fwp%2Fv2%2Fcomments&post=2489"}],"version-history":[{"count":1,"href":"https:\/\/parafianiedzieliska.pl\/index.php?rest_route=\/wp\/v2\/posts\/2489\/revisions"}],"predecessor-version":[{"id":2490,"href":"https:\/\/parafianiedzieliska.pl\/index.php?rest_route=\/wp\/v2\/posts\/2489\/revisions\/2490"}],"wp:attachment":[{"href":"https:\/\/parafianiedzieliska.pl\/index.php?rest_route=%2Fwp%2Fv2%2Fmedia&parent=2489"}],"wp:term":[{"taxonomy":"category","embeddable":true,"href":"https:\/\/parafianiedzieliska.pl\/index.php?rest_route=%2Fwp%2Fv2%2Fcategories&post=2489"},{"taxonomy":"post_tag","embeddable":true,"href":"https:\/\/parafianiedzieliska.pl\/index.php?rest_route=%2Fwp%2Fv2%2Ftags&post=2489"}],"curies":[{"name":"wp","href":"https:\/\/api.w.org\/{rel}","templated":true}]}}