{"id":2307,"date":"2026-05-02T23:39:29","date_gmt":"2026-05-02T21:39:29","guid":{"rendered":"https:\/\/parafianiedzieliska.pl\/?p=2307"},"modified":"2026-05-03T10:09:58","modified_gmt":"2026-05-03T08:09:58","slug":"v-niedziela-wielkanocna-3-05-2026","status":"publish","type":"post","link":"https:\/\/parafianiedzieliska.pl\/?p=2307","title":{"rendered":"V Niedziela Wielkanocna 3.05.2026"},"content":{"rendered":"\n<p><\/p>\n\n\n\n<ol class=\"wp-block-list\">\n<li><strong>Dzisiaj prze\u017cywamy V Niedziel\u0119 Wielkanocn\u0105<\/strong>. Msze \u015bw. o godz.: 7.30, 9.00 w kaplicy, Suma o godz. 11.00 <strong>\u2013 UROCZYSTO\u015a\u0106 I KOMUNII<\/strong>. Zmiana tajemnic r\u00f3\u017ca\u0144cowych.<\/li>\n\n\n\n<li>W pi\u0105tek przypada Uroczysto\u015b\u0107 \u015bw. Stanis\u0142awa Biskupa i m\u0119czennika, g\u0142\u00f3wnego patrona naszej Ojczyzny i diecezji.<\/li>\n\n\n\n<li>&nbsp;<strong>Za tydzie\u0144 odpust w kaplicy na Wisowatkach ku czci \u015bw. Stanis\u0142awa Bpa i m\u0119czennika na Sumie o godz. 11.00. Serdecznie zapraszam dzieci komunijne w strojach oraz prze\u017cywaj\u0105ce rocznic\u0119 I Komunii.<\/strong> Po Sumie wraz z Mieszka\u0144cami Wisowatek <strong>SERDECZNIE ZAPRASZAMY WSZYSTKICH PARAFIAN I GO\u015aCI NA RODZINNY PIKNIK INTEGRACYJNY. <\/strong>Przy muzyce w otoczeniu pi\u0119knej przyrody okraszonej le\u015bn\u0105 sceneri\u0105 rozsmakujemy si\u0119 w wybornych potrawach, wy\u015bmienitych ciastach podawanych przez <strong>PANIE z KO\u0141A GOSPODY\u0143<\/strong> <strong>WIEJSKICH<\/strong>. Nie trzeba w domu gotowa\u0107 obiadu. Wszystko b\u0119dzie na placu przy kaplicy. Serdecznie zapraszamy ca\u0142ymi rodzinami. Solenizanci otrzymaj\u0105 prezent kulinarny z niespodziank\u0105. <strong>Ca\u0142kowity doch\u00f3d z tego wydarzenia przeznaczony jest na prace przy kaplicy Wisowatki.<\/strong>&nbsp; Z racji odpustu, za tydzie\u0144 Msze \u015bw. w ko\u015bciele parafialnym b\u0119d\u0105 o godz. 7.30 i 9.00. Wszystkich parafian prosz\u0119 o liczne przybycie do Wisowatek. Kazanie odpustowe wyg\u0142osi o. Arnold Pot\u0119pa z Zakliczyna.<\/li>\n\n\n\n<li>Zach\u0119cam do uczestnictwa w nabo\u017ce\u0144stwach majowych ca\u0142ymi rodzinami.<\/li>\n\n\n\n<li><strong>B\u00f3g zap\u0142a\u0107 za Ofiary z\u0142o\u017cone w ostatnim czasie na Inwestycyjnej w parafii<\/strong>:<ol><li>Ewa Daniec 200 z\u0142, Zofia Gut 100 z\u0142. Zofia Str\u0105czek 100 z\u0142., pewna osoba 100 z\u0142.<\/li><\/ol>\n<ol class=\"wp-block-list\">\n<li>Mariola i Rafa\u0142 Przydatek z\u0142o\u017cyli ofiar\u0119 2000 z\u0142. na nagrody na Piknik Motocyklowy 14 czerwca. <strong>Z g\u0142\u0119bi serca wyra\u017cam wdzi\u0119czne B\u00f3g zap\u0142a\u0107 za dar waszych serc.<\/strong><\/li>\n<\/ol>\n<\/li>\n\n\n\n<li>Wyra\u017cam s\u0142owa wdzi\u0119czno\u015bci za kontynuacj\u0119 prac w minionym tygodniu przy kostce przed plebani\u0105 dla Pan\u00f3w: Antoniego Rybackiego, Paw\u0142a Proroka, Stanis\u0142awa Kiczki i Dariusza Hachaj. Demonta\u017cu kostki dokonali; Gabriela Wojnicka, Anna Zad\u0119cka, Jakub Zad\u0119cki i Antoni Kr\u00f3l. <strong>Sk\u0142adam im z serca wdzi\u0119czne B\u00f3g zap\u0142a\u0107<\/strong>. Ko\u0142o plebanii otoczenie zaczyna ju\u017c lepiej wygl\u0105da\u0107. Natomiast cieszymy si\u0119, \u017ce pojawi\u0142o si\u0119 rusztowanie wok\u00f3\u0142 dzwonnicy i czekamy na rozpocz\u0119cie prac.<\/li>\n\n\n\n<li>Przy kaplicy w Wisowatkach przed Odpustem pracowali; Alicja Sroka, Lucyna i Krzysztof Pi\u0119ta, Krzysztof Kuczek, Stanis\u0142aw Lechowicz, Danuta, Tadeusz, Adam i Piotr Zale\u015bny. Wod\u0119 udost\u0119pni\u0142a do mycia ogrodzenia i kaplicy Renata Kuliszewska, rusztowanie \u2013 El\u017cbieta i Marcin Badowscy. &nbsp;<\/li>\n\n\n\n<li>Dzi\u0119kuj\u0119 za sprz\u0105tanie, trosk\u0119 o ko\u015bci\u00f3\u0142 parafialny i kaplic\u0119 oraz za z\u0142o\u017con\u0105 ofiar\u0119 Rodzinom: Maria Hachaj, Czachor Dorota. Za tydzie\u0144 \u2013 w sobot\u0119 na godz. 8.00 zapraszam rodziny: Joanna Kocot, Beata Mazur, Helena Czachor, Bernadeta Sowidzka.<\/li>\n\n\n\n<li>Zach\u0119cam do nabywania Go\u015bcia Niedzielnego.<\/li>\n\n\n\n<li>\u015awi\u0119tuj\u0105cym w tym tygodniu swoje Urodziny i Imieniny sk\u0142adam serdeczne \u017cyczenia.<\/li>\n\n\n\n<li>W minionym tygodniu na miejsce wiecznego spoczynku odprowadzili\u015bmy \u015bp. Mariana Cie\u015bl\u0119. Rodzinie sk\u0142adamy szczere wyrazy wsp\u00f3\u0142czucia, a zmar\u0142ego Mariana polecamy Bo\u017cemu Mi\u0142osierdziu. Dobry Jezu, a nasz Panie \u2026<\/li>\n<\/ol>\n","protected":false},"excerpt":{"rendered":"","protected":false},"author":1,"featured_media":0,"comment_status":"open","ping_status":"open","sticky":false,"template":"","format":"standard","meta":{"_eb_attr":"","footnotes":""},"categories":[3,4],"tags":[],"class_list":["post-2307","post","type-post","status-publish","format-standard","hentry","category-aktualnosci","category-ogloszenia-parafialne"],"_links":{"self":[{"href":"https:\/\/parafianiedzieliska.pl\/index.php?rest_route=\/wp\/v2\/posts\/2307","targetHints":{"allow":["GET"]}}],"collection":[{"href":"https:\/\/parafianiedzieliska.pl\/index.php?rest_route=\/wp\/v2\/posts"}],"about":[{"href":"https:\/\/parafianiedzieliska.pl\/index.php?rest_route=\/wp\/v2\/types\/post"}],"author":[{"embeddable":true,"href":"https:\/\/parafianiedzieliska.pl\/index.php?rest_route=\/wp\/v2\/users\/1"}],"replies":[{"embeddable":true,"href":"https:\/\/parafianiedzieliska.pl\/index.php?rest_route=%2Fwp%2Fv2%2Fcomments&post=2307"}],"version-history":[{"count":2,"href":"https:\/\/parafianiedzieliska.pl\/index.php?rest_route=\/wp\/v2\/posts\/2307\/revisions"}],"predecessor-version":[{"id":2312,"href":"https:\/\/parafianiedzieliska.pl\/index.php?rest_route=\/wp\/v2\/posts\/2307\/revisions\/2312"}],"wp:attachment":[{"href":"https:\/\/parafianiedzieliska.pl\/index.php?rest_route=%2Fwp%2Fv2%2Fmedia&parent=2307"}],"wp:term":[{"taxonomy":"category","embeddable":true,"href":"https:\/\/parafianiedzieliska.pl\/index.php?rest_route=%2Fwp%2Fv2%2Fcategories&post=2307"},{"taxonomy":"post_tag","embeddable":true,"href":"https:\/\/parafianiedzieliska.pl\/index.php?rest_route=%2Fwp%2Fv2%2Ftags&post=2307"}],"curies":[{"name":"wp","href":"https:\/\/api.w.org\/{rel}","templated":true}]}}