{"id":2305,"date":"2026-05-02T23:38:20","date_gmt":"2026-05-02T21:38:20","guid":{"rendered":"https:\/\/parafianiedzieliska.pl\/?p=2305"},"modified":"2026-05-02T23:38:21","modified_gmt":"2026-05-02T21:38:21","slug":"intencje-mszy-swietych-od-4-05-10-05-2026","status":"publish","type":"post","link":"https:\/\/parafianiedzieliska.pl\/?p=2305","title":{"rendered":"Intencje Mszy \u015awi\u0119tych od 4.05 &#8211; 10.05.2026"},"content":{"rendered":"\n<p><\/p>\n\n\n\n<p><strong>Poniedzia\u0142ek<\/strong><\/p>\n\n\n\n<p><strong>7<sup>00<\/sup> + <\/strong>Marian Cie\u015bla w 7 dzie\u0144 po \u015bmierci z int. \u017cony<\/p>\n\n\n\n<p><strong>18<sup>00<\/sup> <\/strong>+ Jan Wr\u00f3bel w r. \u015bm o dar nieba<\/p>\n\n\n\n<p><strong>Wtorek 18<sup>00<\/sup><\/strong><\/p>\n\n\n\n<p>++ Julia i Franciszek Pude\u0142ek w 11 i 8 r. \u015bm.&nbsp; z int. syna Franciszka<\/p>\n\n\n\n<p><strong>\u015aroda 18<sup>00<\/sup><\/strong><\/p>\n\n\n\n<p>W int. Anny i Marka Lig\u0119zka o zdrowie, Bo\u017ce b\u0142. potrzebne \u0142aski i opiek\u0119 Matki Bo\u017cej<\/p>\n\n\n\n<p><strong>Czwartek 18<sup>00<\/sup><\/strong><\/p>\n\n\n\n<p>++ Anna Sulma w r. \u015bm., m\u0105\u017c Walenty o rado\u015b\u0107 nieba<\/p>\n\n\n\n<p><strong>Pi\u0105tek 18<sup>00<\/sup>&nbsp;&nbsp;&nbsp;&nbsp;&nbsp; &nbsp;&nbsp;&nbsp;&nbsp;&nbsp;<\/strong><\/p>\n\n\n\n<p><strong>7<sup>00<\/sup> ++ <\/strong>Stanis\u0142awa i Jan Pude\u0142ko w 4 r. \u015bm. z int. syna Janusza<strong> &nbsp;<\/strong><\/p>\n\n\n\n<p><strong>18<sup>00<\/sup> <\/strong>+ Andrzej Bach w r. \u015bm.<\/p>\n\n\n\n<p><strong>Sobota 18<sup>00<\/sup><\/strong><\/p>\n\n\n\n<p>+ Stanis\u0142aw Wr\u00f3bel z okazji imienin z int. \u017cony i syn\u00f3w z rodzinami<\/p>\n\n\n\n<p><strong>&nbsp;NIEDZIELA<\/strong><\/p>\n\n\n\n<p><strong>7<sup>30<\/sup><\/strong> + Lucyna Kr\u00f3l w 4 r. \u015bm. z int. m\u0119\u017ca, dzieci i wnuk\u00f3w<\/p>\n\n\n\n<p><strong>9<sup>00<\/sup><\/strong> ++ Stanis\u0142aw Czosnek z okazji imienin o spok\u00f3j duszy z int. \u017cony i dzieci<\/p>\n\n\n\n<p><strong>11<sup>00<\/sup><\/strong><sup> <\/sup><strong>WISOWATKI ODPUST ku czci \u015bw. Stanis\u0142awa bpa<\/strong><\/p>\n\n\n\n<ol class=\"wp-block-list\">\n<li>w int. Parafian<\/li>\n\n\n\n<li>w int. Doroty i Wac\u0142awa Baran o Bo\u017ce b\u0142. i opiek\u0119 Matki Bo\u017cej dla rodziny<\/li>\n<\/ol>\n","protected":false},"excerpt":{"rendered":"<p>Poniedzia\u0142ek 700 + Marian Cie\u015bla w 7 dzie\u0144 po \u015bmierci z int. \u017cony 1800 + Jan Wr\u00f3bel w r. \u015bm o dar nieba Wtorek 1800 ++ Julia i Franciszek Pude\u0142ek w 11 i 8&#46;&#46;&#46;<\/p>\n","protected":false},"author":1,"featured_media":0,"comment_status":"open","ping_status":"open","sticky":false,"template":"","format":"standard","meta":{"_eb_attr":"","footnotes":""},"categories":[3,5],"tags":[],"class_list":["post-2305","post","type-post","status-publish","format-standard","hentry","category-aktualnosci","category-intencje-mszy-sw"],"_links":{"self":[{"href":"https:\/\/parafianiedzieliska.pl\/index.php?rest_route=\/wp\/v2\/posts\/2305","targetHints":{"allow":["GET"]}}],"collection":[{"href":"https:\/\/parafianiedzieliska.pl\/index.php?rest_route=\/wp\/v2\/posts"}],"about":[{"href":"https:\/\/parafianiedzieliska.pl\/index.php?rest_route=\/wp\/v2\/types\/post"}],"author":[{"embeddable":true,"href":"https:\/\/parafianiedzieliska.pl\/index.php?rest_route=\/wp\/v2\/users\/1"}],"replies":[{"embeddable":true,"href":"https:\/\/parafianiedzieliska.pl\/index.php?rest_route=%2Fwp%2Fv2%2Fcomments&post=2305"}],"version-history":[{"count":1,"href":"https:\/\/parafianiedzieliska.pl\/index.php?rest_route=\/wp\/v2\/posts\/2305\/revisions"}],"predecessor-version":[{"id":2306,"href":"https:\/\/parafianiedzieliska.pl\/index.php?rest_route=\/wp\/v2\/posts\/2305\/revisions\/2306"}],"wp:attachment":[{"href":"https:\/\/parafianiedzieliska.pl\/index.php?rest_route=%2Fwp%2Fv2%2Fmedia&parent=2305"}],"wp:term":[{"taxonomy":"category","embeddable":true,"href":"https:\/\/parafianiedzieliska.pl\/index.php?rest_route=%2Fwp%2Fv2%2Fcategories&post=2305"},{"taxonomy":"post_tag","embeddable":true,"href":"https:\/\/parafianiedzieliska.pl\/index.php?rest_route=%2Fwp%2Fv2%2Ftags&post=2305"}],"curies":[{"name":"wp","href":"https:\/\/api.w.org\/{rel}","templated":true}]}}