{"id":2302,"date":"2026-04-25T23:41:46","date_gmt":"2026-04-25T21:41:46","guid":{"rendered":"https:\/\/parafianiedzieliska.pl\/?p=2302"},"modified":"2026-04-25T23:41:47","modified_gmt":"2026-04-25T21:41:47","slug":"iv-niedziela-wielkanocna-26-04-2026","status":"publish","type":"post","link":"https:\/\/parafianiedzieliska.pl\/?p=2302","title":{"rendered":"IV Niedziela Wielkanocna 26.04.2026"},"content":{"rendered":"\n<p><\/p>\n\n\n\n<ol class=\"wp-block-list\">\n<li><strong>Dzisiaj prze\u017cywamy IV Niedziel\u0119 Wielkanocn\u0105 \u2013 <\/strong>nazywan\u0105 Niedziel\u0105 Dobrego Pasterza. Msze \u015bw. o godz.: 7.30, 9.00 w kaplicy, Suma o godz. 11.00. Dzisiaj rozpoczynamy tydzie\u0144 modlitw o powo\u0142ania do s\u0142u\u017cby Bo\u017cej w Ko\u015bciele. B\u00f3g zap\u0142a\u0107 za ofiary z\u0142o\u017cone do puszek minionej niedzieli na Caritas Diecezji Tarnowskiej w kwocie 450 z\u0142.<\/li>\n\n\n\n<li><strong>Dykasteria do spraw Kultu Bo\u017cego i Dyscypliny Sakrament\u00f3w przenios\u0142a w tym roku Uroczysto\u015b\u0107 NMP Kr\u00f3lowej Polski z 3 Maja na 2 Maja &#8211; w tym dniu Msze \u015bw. b\u0119d\u0105 o godz. <\/strong>7.00, 9.00, i 18.00. Nie b\u0119dzie Mszy \u015bw. w kaplicy.<\/li>\n\n\n\n<li><strong>W niedziel\u0119 3 Maja na sumie o godz. 11.00 odb\u0119dzie si\u0119 Uroczysto\u015b\u0107 I Komunii. <\/strong>Spowied\u017a dzieci, rodzic\u00f3w oraz rodzin b\u0119dzie 2go maja o godz. 16.00. Natomiast pr\u00f3ba przed I Komuni\u0105 \u015bw. rozpocznie si\u0119 od poniedzia\u0142ku o godz. 17.30.<\/li>\n\n\n\n<li>W \u015brod\u0119 rozpoczyna si\u0119 Nowenna prze Uroczysto\u015bci\u0105 \u015bw. Stanis\u0142awa, bpa i m\u0119czennika patrona naszej diecezji i Kaplicy na Wisowatkach.<\/li>\n<\/ol>\n\n\n\n<p><strong>Dzieci prze\u017cywaj\u0105ce rocznic\u0119 I Komunii zapraszam na sum\u0119 odpustow\u0105 do Wisowatek 10 maja o godz. 11.00.<\/strong> Po Sumie wraz z Mieszka\u0144cami Wisowatek <strong>SERDECZNIE ZAPRASZAMY WSZYSTKICH PARAFIAN I GO\u015aCI NA RODZINNY PIKNIK INTEGRACYJNY. <\/strong>Przy muzyce w otoczeniu pi\u0119knej przyrody okraszonej le\u015bn\u0105 sceneri\u0105 rozsmakujemy si\u0119 w wybornych potrawach serwowanych przez wieloletniego Szefa Kuchni u podn\u00f3\u017ca Gorca. Wy\u015bmienite ciasta upieczone i podawane przez <strong>Pnie z KO\u0141A GOSPODY\u0143<\/strong> zaspokoj\u0105 podniebienia nawet najbardziej wymagaj\u0105ce. W tym dniu nie trzeba w domu gotowa\u0107 obiadu. Wszystko b\u0119dzie na placu przy kaplicy. Serdecznie zapraszamy ca\u0142ymi rodzinami. Imiennicy patrona Kaplicy (\u015bw. Stanis\u0142aw) otrzymaj\u0105 w prezent kulinarny. <strong>Ca\u0142kowity doch\u00f3d z tego wydarzenia przeznaczony jest na kaplic\u0119 Wisowatki.<\/strong> &nbsp;&nbsp;<\/p>\n\n\n\n<ul class=\"wp-block-list\">\n<li>Rozpoczyna si\u0119 miesi\u0105c Maj, pierwsze nabo\u017ce\u0144stwo we czwartek. Zach\u0119cam do uczestnictwa w tych nabo\u017ce\u0144stwach lub do odmawiani Litanii Loreta\u0144skiej w domu z rodzin\u0105 lub przy kapliczkach przydro\u017cnych.<\/li>\n\n\n\n<li>W tym tygodniu przypada I pi\u0105tek i I sobota miesi\u0105ca. Codziennie mo\u017cliwo\u015b\u0107 przyst\u0105pienia do sakramentu pokuty, od czwartku godzin\u0119 przed Msz\u0105 \u015bw. W I pi\u0105tek udam si\u0119 do chorych od godz. 8.00<\/li>\n\n\n\n<li><strong>B\u00f3g zap\u0142a\u0107 za <\/strong>Ofiary z\u0142o\u017cone w ostatnim czasie na Inwestycyjnej w parafii:\n<ul class=\"wp-block-list\">\n<li>Maria i Krzysztof Hachaj 600z\u0142, Magdalena i Piotr Wojniccy 100 z\u0142, Gra\u017cyna i Stanis\u0142aw \u0141oboda 50 z\u0142, Eugeniusz Gemza 200 z\u0142, Kazimiera Policht 100 z\u0142, Czes\u0142awa Czachor 100 z\u0142, Alicja Czosnek 50 z\u0142, Stefania St\u0105siek 2500 z\u0142, Maria Policht 2500 z\u0142, Henryk St\u0105siek 3000 z\u0142. <strong>Z g\u0142\u0119bi serca wyra\u017cam wdzi\u0119czne B\u00f3g zap\u0142a\u0107 za dar waszych serc.<\/strong><\/li>\n<\/ul>\n<\/li>\n\n\n\n<li>Wyra\u017cam s\u0142owa wdzi\u0119czno\u015bci za wykonane prace w minionym tygodniu przy kostce przed plebani\u0105 dla Pan\u00f3w: Antoniego Rybackiego, Paw\u0142a Proroka, Aleksandra Benke i Dariusza Hachaj dodatkowo za organizacj\u0119 potrzebnego sprz\u0119tu.<\/li>\n\n\n\n<li>Dzi\u0119kuj\u0119 za sprz\u0105tanie, trosk\u0119 o ko\u015bci\u00f3\u0142 parafialny i kaplic\u0119 oraz za z\u0142o\u017con\u0105 ofiar\u0119 Rodzinom: Krystyna Munda\u0142a, Zofia Czachor, Teresa Budek, Alicja Czarny. Za tydzie\u0144 \u2013 tym razem w pi\u0105tek na godz. 8.00 zapraszam rodziny: Stanis\u0142aw Skura, Maria Hachaj, Czachor Dorota i Agnieszka W\u00f3jcik.<\/li>\n\n\n\n<li>Organizujemy wyjazd na wakacje z odpoczynkiem w Bu\u0142garii \u2013 S\u0142oneczny Brzeg, w terminie 26.06 (wyjazd oko\u0142o godz. 16.00) \u2013 5.07.2026. Koszt dla dzieci i m\u0142odzie\u017cy 1950 z\u0142, dla doros\u0142ych 2250 all inclusive. Zapisy i wp\u0142aty w Zakrystii lub Kancelarii Parafialnej.<\/li>\n\n\n\n<li>Zach\u0119cam do nabywania Go\u015bcia Niedzielnego.<\/li>\n\n\n\n<li>\u015awi\u0119tuj\u0105cym w tym tygodniu swoje Urodziny i Imieniny sk\u0142adam serdeczne \u017cyczenia.<\/li>\n<\/ul>\n","protected":false},"excerpt":{"rendered":"<p>Dzieci prze\u017cywaj\u0105ce rocznic\u0119 I Komunii zapraszam na sum\u0119 odpustow\u0105 do Wisowatek 10 maja o godz. 11.00. Po Sumie wraz z Mieszka\u0144cami Wisowatek SERDECZNIE ZAPRASZAMY WSZYSTKICH PARAFIAN I GO\u015aCI NA RODZINNY PIKNIK INTEGRACYJNY. Przy muzyce&#46;&#46;&#46;<\/p>\n","protected":false},"author":1,"featured_media":0,"comment_status":"open","ping_status":"open","sticky":false,"template":"","format":"standard","meta":{"_eb_attr":"","footnotes":""},"categories":[3,4],"tags":[],"class_list":["post-2302","post","type-post","status-publish","format-standard","hentry","category-aktualnosci","category-ogloszenia-parafialne"],"_links":{"self":[{"href":"https:\/\/parafianiedzieliska.pl\/index.php?rest_route=\/wp\/v2\/posts\/2302","targetHints":{"allow":["GET"]}}],"collection":[{"href":"https:\/\/parafianiedzieliska.pl\/index.php?rest_route=\/wp\/v2\/posts"}],"about":[{"href":"https:\/\/parafianiedzieliska.pl\/index.php?rest_route=\/wp\/v2\/types\/post"}],"author":[{"embeddable":true,"href":"https:\/\/parafianiedzieliska.pl\/index.php?rest_route=\/wp\/v2\/users\/1"}],"replies":[{"embeddable":true,"href":"https:\/\/parafianiedzieliska.pl\/index.php?rest_route=%2Fwp%2Fv2%2Fcomments&post=2302"}],"version-history":[{"count":1,"href":"https:\/\/parafianiedzieliska.pl\/index.php?rest_route=\/wp\/v2\/posts\/2302\/revisions"}],"predecessor-version":[{"id":2303,"href":"https:\/\/parafianiedzieliska.pl\/index.php?rest_route=\/wp\/v2\/posts\/2302\/revisions\/2303"}],"wp:attachment":[{"href":"https:\/\/parafianiedzieliska.pl\/index.php?rest_route=%2Fwp%2Fv2%2Fmedia&parent=2302"}],"wp:term":[{"taxonomy":"category","embeddable":true,"href":"https:\/\/parafianiedzieliska.pl\/index.php?rest_route=%2Fwp%2Fv2%2Fcategories&post=2302"},{"taxonomy":"post_tag","embeddable":true,"href":"https:\/\/parafianiedzieliska.pl\/index.php?rest_route=%2Fwp%2Fv2%2Ftags&post=2302"}],"curies":[{"name":"wp","href":"https:\/\/api.w.org\/{rel}","templated":true}]}}