{"id":2300,"date":"2026-04-25T23:40:50","date_gmt":"2026-04-25T21:40:50","guid":{"rendered":"https:\/\/parafianiedzieliska.pl\/?p=2300"},"modified":"2026-04-25T23:40:51","modified_gmt":"2026-04-25T21:40:51","slug":"intencje-mszy-swietych-od-27-04-3-05-2026","status":"publish","type":"post","link":"https:\/\/parafianiedzieliska.pl\/?p=2300","title":{"rendered":"Intencje Mszy \u015awi\u0119tych od 27.04 &#8211; 3.05.2026"},"content":{"rendered":"\n<p><strong>Intencje Mszy \u015awi\u0119tych od 27.04 &#8211; 3.05.2026<\/strong><\/p>\n\n\n\n<p><strong>Poniedzia\u0142ek 7<sup>00<\/sup><\/strong><\/p>\n\n\n\n<p>+ Anna Skura z int. rodziny Kopci\u00f3w z Jakubowic<\/p>\n\n\n\n<p><strong>Wtorek 7<sup>00<\/sup><\/strong><\/p>\n\n\n\n<p>+ Anna Skura z int. rodziny Skur\u00f3w z Proszowic<\/p>\n\n\n\n<p><strong>\u015aroda 7<sup>00<\/sup><\/strong><\/p>\n\n\n\n<p>+ Anna Skura z int. syna Edwarda z rodzin\u0105<\/p>\n\n\n\n<p><strong>Czwartek 18<sup>00<\/sup><\/strong><\/p>\n\n\n\n<p>++ Katarzyna i Jan Str\u0105czek, zi\u0119\u0107 Marian o szcz\u0119\u015bcie wieczne<\/p>\n\n\n\n<p><strong>Pi\u0105tek<\/strong><\/p>\n\n\n\n<p><strong>7<sup>00<\/sup> <\/strong>+ Anna Skura z int. wnuka Adriana z rodzin\u0105<\/p>\n\n\n\n<p><strong>18<sup>00<\/sup>&nbsp;&nbsp; <\/strong>W int. rodziny Wojnarowskich, o zdrowie, Bo\u017ce b\u0142. opiek\u0119 Matki Bo\u017cej &nbsp;&nbsp;&nbsp;&nbsp;&nbsp;&nbsp;&nbsp; i potrzebne \u0142aski w rodzinie<\/p>\n\n\n\n<p><strong>Sobota<\/strong><\/p>\n\n\n\n<p><strong>7<sup>00<\/sup> <\/strong>w int. parafian<\/p>\n\n\n\n<p><strong>9<sup>00<\/sup><\/strong><sup> <\/sup>o szcz\u0119\u015bliw\u0105 operacj\u0119 dla pewnej osoby<\/p>\n\n\n\n<p><strong>18<sup>00<\/sup><\/strong>++ J\u00f3zef Gemza w r. \u015bm. oraz \u017cona Helena<\/p>\n\n\n\n<p><strong>&nbsp;NIEDZIELA<\/strong><\/p>\n\n\n\n<p><strong>7<sup>30<\/sup><\/strong> W int Stanis\u0142awa (m) w 65 r. ur. dz. b\u0142. z int. c\u00f3rki z rodzin\u0105<\/p>\n\n\n\n<p><strong>9<sup>00<\/sup><\/strong> ++ Wac\u0142aw, Mieczys\u0142aw, Henryka i wnuk Rafa\u0142 z int. siostry &nbsp;<\/p>\n\n\n\n<p><strong>11<sup>00<\/sup><\/strong><sup> <\/sup>I KOMUNIA \u015aWI\u0118TA. W int. dzieci i ich rodzin o Bo\u017ce b\u0142. i potrzebne \u0142aski oraz opiek\u0119 MB Kr\u00f3lowej Polski<\/p>\n\n\n\n<p><\/p>\n","protected":false},"excerpt":{"rendered":"<p>Intencje Mszy \u015awi\u0119tych od 27.04 &#8211; 3.05.2026 Poniedzia\u0142ek 700 + Anna Skura z int. rodziny Kopci\u00f3w z Jakubowic Wtorek 700 + Anna Skura z int. rodziny Skur\u00f3w z Proszowic \u015aroda 700 + Anna Skura&#46;&#46;&#46;<\/p>\n","protected":false},"author":1,"featured_media":0,"comment_status":"open","ping_status":"open","sticky":false,"template":"","format":"standard","meta":{"_eb_attr":"","footnotes":""},"categories":[3,5],"tags":[],"class_list":["post-2300","post","type-post","status-publish","format-standard","hentry","category-aktualnosci","category-intencje-mszy-sw"],"_links":{"self":[{"href":"https:\/\/parafianiedzieliska.pl\/index.php?rest_route=\/wp\/v2\/posts\/2300","targetHints":{"allow":["GET"]}}],"collection":[{"href":"https:\/\/parafianiedzieliska.pl\/index.php?rest_route=\/wp\/v2\/posts"}],"about":[{"href":"https:\/\/parafianiedzieliska.pl\/index.php?rest_route=\/wp\/v2\/types\/post"}],"author":[{"embeddable":true,"href":"https:\/\/parafianiedzieliska.pl\/index.php?rest_route=\/wp\/v2\/users\/1"}],"replies":[{"embeddable":true,"href":"https:\/\/parafianiedzieliska.pl\/index.php?rest_route=%2Fwp%2Fv2%2Fcomments&post=2300"}],"version-history":[{"count":1,"href":"https:\/\/parafianiedzieliska.pl\/index.php?rest_route=\/wp\/v2\/posts\/2300\/revisions"}],"predecessor-version":[{"id":2301,"href":"https:\/\/parafianiedzieliska.pl\/index.php?rest_route=\/wp\/v2\/posts\/2300\/revisions\/2301"}],"wp:attachment":[{"href":"https:\/\/parafianiedzieliska.pl\/index.php?rest_route=%2Fwp%2Fv2%2Fmedia&parent=2300"}],"wp:term":[{"taxonomy":"category","embeddable":true,"href":"https:\/\/parafianiedzieliska.pl\/index.php?rest_route=%2Fwp%2Fv2%2Fcategories&post=2300"},{"taxonomy":"post_tag","embeddable":true,"href":"https:\/\/parafianiedzieliska.pl\/index.php?rest_route=%2Fwp%2Fv2%2Ftags&post=2300"}],"curies":[{"name":"wp","href":"https:\/\/api.w.org\/{rel}","templated":true}]}}