{"id":2108,"date":"2026-03-07T23:17:31","date_gmt":"2026-03-07T22:17:31","guid":{"rendered":"https:\/\/parafianiedzieliska.pl\/?p=2108"},"modified":"2026-03-07T23:17:31","modified_gmt":"2026-03-07T22:17:31","slug":"iii-niedziela-wielkiego-postu-8-03-2026","status":"publish","type":"post","link":"https:\/\/parafianiedzieliska.pl\/?p=2108","title":{"rendered":"III Niedziela Wielkiego Postu 8.03.2026"},"content":{"rendered":"\n<p><\/p>\n\n\n\n<ol class=\"wp-block-list\">\n<li>Dzisiaj prze\u017cywamy III Niedziel\u0119 Wielkiego Postu. Msze \u015bw. o godz.: 7.30, 9.00 w kaplicy, Suma o godz. 11.00. B\u00f3g zap\u0142a\u0107 za dar Waszego serca dzisiaj na inwestycje w naszej parafii z racji drugiej niedzieli miesi\u0105ca.<\/li>\n\n\n\n<li>Na godz. 14.00 <strong>zapraszam na Gorzkie \u017bale z kazaniem pasyjnym<\/strong>, podczas kt\u00f3rych sk\u0142adamy ofiary na kwiaty do Grobu Pa\u0144skiego.\u00a0 Wszystkim Paniom dzisiaj od najm\u0142odszych po Szlachetne Seniorki sk\u0142adam serdeczne \u017cyczenia: zdrowia, szcz\u0119\u015bcia i zadowolenia, aby ka\u017cdy dzie\u0144 by\u0142 dla Was doznawaniem z serca szacunku i \u017cyczliwo\u015bci. Szcz\u0119\u015b\u0107 Bo\u017ce.<\/li>\n\n\n\n<li>We wtorek rozpoczynamy Nowenn\u0119 przed Uroczysto\u015bci\u0105 \u015bw. J\u00f3zefa; na godz. 16.00 zapraszam rodzic\u00f3w i uczni\u00f3w kl. III na spotkanie.<\/li>\n\n\n\n<li>W sobot\u0119 na godz. 9.00 zapraszam wszystkich Aspirant\u00f3w.<\/li>\n\n\n\n<li>\u00a0<strong>W Pi\u0105tek zapraszam na nabo\u017ce\u0144stwo Drogi Krzy\u017cowej o godz. 16.30 dla wszystkich<\/strong>, nast\u0119pnie Msza \u015bw. <strong>Na godzin\u0119 19.00 Zapraszam m\u0142odzie\u017c <\/strong>z klasy VII i VIII w ramach przygotowania do Bierzmowania oraz <strong>szk\u00f3\u0142 \u015brednich, studiuj\u0105cych, pracuj\u0105cych i wszystkich ch\u0119tnych. <\/strong>Zach\u0119cam Was do licznego uczestnictwa w nabo\u017ce\u0144stwach wielkopostnych.<\/li>\n\n\n\n<li>Dzi\u0119kuj\u0119 za sprz\u0105tanie, trosk\u0119 o ko\u015bci\u00f3\u0142 parafialny i kaplic\u0119 oraz za z\u0142o\u017con\u0105 ofiar\u0119 Rodzinom: Izabela i Pawe\u0142 Szpak, Iwona i Wojciech Zaj\u0105c, Magdalena i Krzysztof Fasula, Ewa i Marcin Wielgosz, Krystyna i W\u0142adys\u0142aw Bia\u0142ek. W sobot\u0119 za tydzie\u0144 do sprz\u0105tania ko\u015bcio\u0142a na godz. 8.00 bardzo prosz\u0119 Rodziny z Wygody: Pawe\u0142 Bab\u0142o, Stefania Kozak oraz z Podszumina: Eugeniusz Woda, Ga\u0142ek Kazimierz, Wyczesany \u0141ukasz i Jacek.<\/li>\n\n\n\n<li>Bardzo DZI\u0118KUJ\u0118 WSZYSTKIM PANIOM ZA OPIEK\u0118 opiek\u0119 \u015bwietlicow\u0105 dla dzieci po ich lekcjach w szkole. B\u00f3g zap\u0142a\u0107.<\/li>\n\n\n\n<li>Caritas parafialna rozprowadza baranki paschalne i paschaliki. Od ka\u017cdego z nich 8 z\u0142. musimy odprowadzi\u0107 do Caritas naszej diecezji, pozosta\u0142e ofiary w ca\u0142o\u015bci przeznaczamy tym razem na charytatywne i dobrowolne dzia\u0142anie naszej parafialnej \u015bwietlicy. B\u00f3g zap\u0142a\u0107 za wra\u017cliwo\u015b\u0107 Waszych serc dla wsp\u00f3lnego dobra naszej miejscowo\u015bci.<\/li>\n\n\n\n<li><strong>W imieniu w\u0142asnym oraz dzieci serdecznie Dzi\u0119kujemy za okazan\u0105 dobro\u0107 serca wszystkim mieszka\u0144com Niedzielisk, a przede wszystkim Paniom z Caritas parafialnej za zorganizowanie i przeprowadzenie dora\u017anej pomocy dla mojej rodziny. Za okazan\u0105 dla nas \u017cyczliwo\u015b\u0107 z serca Wam DZI\u0118KUJEMY<\/strong> \u2013 Paulina Kania z dzie\u0107mi.<\/li>\n\n\n\n<li>S\u0142owa szczerego podzi\u0119kowania kieruj\u0119 wobec Pani Urszuli Sobol, Rady Parafialnej oraz Pan\u00f3w: Stanis\u0142awa Gibu\u0142y, Stanis\u0142awa Kiczki, Krzysztofa Fasuli, J\u00f3zefa Budka, Paw\u0142a Szpaka, Adama Budyna, Antoniego Rybackiego, Paw\u0142a Bab\u0142o, Rafa\u0142a i Dariusza Hachaj oraz Grzegorza Suder za ogrom pracy, trudu i po\u015bwi\u0119cenia przy wycince drzew i uporz\u0105dkowaniu placu przy ko\u015bciele i plebanii. Teraz jeste\u015bmy gotowi i oczekujemy na podj\u0119cie prac przy dzwonnicy. \u00a0Z serca wyra\u017cam Wam moje s\u0142owa wdzi\u0119czno\u015bci. B\u00f3g zap\u0142a\u0107.<\/li>\n\n\n\n<li>Po \u015bmierci Pana Stanis\u0142awa Wr\u00f3bla wieloletniego Grabarza poszukujemy ch\u0119tnych do pe\u0142nienia tej funkcji w naszej parafii. Zainteresowane osoby prosz\u0119 o zg\u0142aszanie si\u0119 w Kancelarii lub Zakrystii do ko\u0144ca miesi\u0105ca marca. Wyb\u00f3r na to stanowisko podejmiemy wraz z Rad\u0105 Parafialn\u0105 podczas zebrania.<\/li>\n\n\n\n<li>Zach\u0119cam do nabywania prasy katolickiej. Go\u015b\u0107 Niedzielny z bardzo interesuj\u0105c\u0105 tre\u015bci\u0105.<\/li>\n\n\n\n<li>\u015awi\u0119tuj\u0105cym w tym tygodniu swoje Urodziny i Imieniny sk\u0142adam serdeczne \u017cyczenia.<\/li>\n<\/ol>\n","protected":false},"excerpt":{"rendered":"","protected":false},"author":1,"featured_media":0,"comment_status":"open","ping_status":"open","sticky":false,"template":"","format":"standard","meta":{"_eb_attr":"","footnotes":""},"categories":[3,4],"tags":[],"class_list":["post-2108","post","type-post","status-publish","format-standard","hentry","category-aktualnosci","category-ogloszenia-parafialne"],"_links":{"self":[{"href":"https:\/\/parafianiedzieliska.pl\/index.php?rest_route=\/wp\/v2\/posts\/2108","targetHints":{"allow":["GET"]}}],"collection":[{"href":"https:\/\/parafianiedzieliska.pl\/index.php?rest_route=\/wp\/v2\/posts"}],"about":[{"href":"https:\/\/parafianiedzieliska.pl\/index.php?rest_route=\/wp\/v2\/types\/post"}],"author":[{"embeddable":true,"href":"https:\/\/parafianiedzieliska.pl\/index.php?rest_route=\/wp\/v2\/users\/1"}],"replies":[{"embeddable":true,"href":"https:\/\/parafianiedzieliska.pl\/index.php?rest_route=%2Fwp%2Fv2%2Fcomments&post=2108"}],"version-history":[{"count":1,"href":"https:\/\/parafianiedzieliska.pl\/index.php?rest_route=\/wp\/v2\/posts\/2108\/revisions"}],"predecessor-version":[{"id":2109,"href":"https:\/\/parafianiedzieliska.pl\/index.php?rest_route=\/wp\/v2\/posts\/2108\/revisions\/2109"}],"wp:attachment":[{"href":"https:\/\/parafianiedzieliska.pl\/index.php?rest_route=%2Fwp%2Fv2%2Fmedia&parent=2108"}],"wp:term":[{"taxonomy":"category","embeddable":true,"href":"https:\/\/parafianiedzieliska.pl\/index.php?rest_route=%2Fwp%2Fv2%2Fcategories&post=2108"},{"taxonomy":"post_tag","embeddable":true,"href":"https:\/\/parafianiedzieliska.pl\/index.php?rest_route=%2Fwp%2Fv2%2Ftags&post=2108"}],"curies":[{"name":"wp","href":"https:\/\/api.w.org\/{rel}","templated":true}]}}