{"id":2106,"date":"2026-03-07T23:15:24","date_gmt":"2026-03-07T22:15:24","guid":{"rendered":"https:\/\/parafianiedzieliska.pl\/?p=2106"},"modified":"2026-03-07T23:15:25","modified_gmt":"2026-03-07T22:15:25","slug":"intencje-mszy-swietych-od-9-15-03-2026","status":"publish","type":"post","link":"https:\/\/parafianiedzieliska.pl\/?p=2106","title":{"rendered":"Intencje Mszy \u015awi\u0119tych od 9 &#8211; 15.03.2026"},"content":{"rendered":"\n<p><\/p>\n\n\n\n<p><strong>Poniedzia\u0142ek 17<sup>00<\/sup><\/strong><\/p>\n\n\n\n<p>+ Stefania G\u00f3ra z int. syna Mieczys\u0142awa z rodzin\u0105 &nbsp;<\/p>\n\n\n\n<p><strong>Wtorek 7<sup>00<\/sup><\/strong><\/p>\n\n\n\n<p>+ Stefania G\u00f3ra z int. Anny i Janusza Gw\u00f3\u017ad\u017a<\/p>\n\n\n\n<p><strong>\u015aroda &nbsp;17<sup>00<\/sup><\/strong><\/p>\n\n\n\n<p>O \u0142ask\u0119 zdrowia zgodnie z wol\u0105 Bo\u017c\u0105 dla pewnej osoby<\/p>\n\n\n\n<p><strong>Czwartek 7<sup>00<\/sup><\/strong><\/p>\n\n\n\n<p>+ Stanis\u0142aw Wr\u00f3bel w 30 dzie\u0144 po \u015bmierci z int. Syn\u00f3w z rodzinami<\/p>\n\n\n\n<p><strong>Pi\u0105tek 17<sup>00<\/sup>&nbsp;&nbsp;&nbsp;&nbsp;&nbsp; &nbsp;&nbsp;&nbsp;&nbsp;&nbsp;<\/strong><\/p>\n\n\n\n<p>++ Emilia Str\u0105czek, m\u0105\u017c W\u0142adys\u0142aw i zi\u0119\u0107 Stanis\u0142aw w r. ich \u015bmierci<\/p>\n\n\n\n<p><strong>Sobota<\/strong><\/p>\n\n\n\n<p><strong>7<sup>00 <\/sup><\/strong>+ Stefania G\u00f3ra z int. rodziny Paleczk\u00f3w z Krakowa<\/p>\n\n\n\n<p><strong>14.00 <\/strong>chrzest<\/p>\n\n\n\n<p><strong>&nbsp;Niedziela<\/strong><\/p>\n\n\n\n<p><strong>7<sup>30<\/sup><\/strong> ++ Jan Kopacz oraz zmarli rodzice i rodze\u0144stwo w 3 r. \u015bm. Jana<\/p>\n\n\n\n<p><strong>9<sup>00<\/sup><\/strong> o \u0142ask\u0119 zdrowia zgodnie z Wol\u0105 Bo\u017c\u0105 dla pewnej osoby &nbsp;<\/p>\n\n\n\n<p><strong>11<sup>00<\/sup><\/strong><sup> <\/sup>++ J\u00f3zef Czachor w r. \u015bm., \u017cona Maria, syn Marian o szcz\u0119\u015bcie wieczne<\/p>\n\n\n\n<p>Msze \u015bw. pogrzebowe w marcu poza parafi\u0105:<\/p>\n\n\n\n<ol class=\"wp-block-list\">\n<li>Od 1 \u2013 20 \u2013 za \u015bp. J\u00f3zef Munda\u0142a \u2013 ks. S\u0142awomir Gulik<\/li>\n\n\n\n<li>Od 21 \u2013 31 \u2013 za \u015bp. Stefani\u0119 G\u00f3ra \u2013 ks. S\u0142awomir Gulik<\/li>\n<\/ol>\n","protected":false},"excerpt":{"rendered":"<p>Poniedzia\u0142ek 1700 + Stefania G\u00f3ra z int. syna Mieczys\u0142awa z rodzin\u0105 &nbsp; Wtorek 700 + Stefania G\u00f3ra z int. Anny i Janusza Gw\u00f3\u017ad\u017a \u015aroda &nbsp;1700 O \u0142ask\u0119 zdrowia zgodnie z wol\u0105 Bo\u017c\u0105 dla pewnej&#46;&#46;&#46;<\/p>\n","protected":false},"author":1,"featured_media":0,"comment_status":"open","ping_status":"open","sticky":false,"template":"","format":"standard","meta":{"_eb_attr":"","footnotes":""},"categories":[3,5],"tags":[],"class_list":["post-2106","post","type-post","status-publish","format-standard","hentry","category-aktualnosci","category-intencje-mszy-sw"],"_links":{"self":[{"href":"https:\/\/parafianiedzieliska.pl\/index.php?rest_route=\/wp\/v2\/posts\/2106","targetHints":{"allow":["GET"]}}],"collection":[{"href":"https:\/\/parafianiedzieliska.pl\/index.php?rest_route=\/wp\/v2\/posts"}],"about":[{"href":"https:\/\/parafianiedzieliska.pl\/index.php?rest_route=\/wp\/v2\/types\/post"}],"author":[{"embeddable":true,"href":"https:\/\/parafianiedzieliska.pl\/index.php?rest_route=\/wp\/v2\/users\/1"}],"replies":[{"embeddable":true,"href":"https:\/\/parafianiedzieliska.pl\/index.php?rest_route=%2Fwp%2Fv2%2Fcomments&post=2106"}],"version-history":[{"count":1,"href":"https:\/\/parafianiedzieliska.pl\/index.php?rest_route=\/wp\/v2\/posts\/2106\/revisions"}],"predecessor-version":[{"id":2107,"href":"https:\/\/parafianiedzieliska.pl\/index.php?rest_route=\/wp\/v2\/posts\/2106\/revisions\/2107"}],"wp:attachment":[{"href":"https:\/\/parafianiedzieliska.pl\/index.php?rest_route=%2Fwp%2Fv2%2Fmedia&parent=2106"}],"wp:term":[{"taxonomy":"category","embeddable":true,"href":"https:\/\/parafianiedzieliska.pl\/index.php?rest_route=%2Fwp%2Fv2%2Fcategories&post=2106"},{"taxonomy":"post_tag","embeddable":true,"href":"https:\/\/parafianiedzieliska.pl\/index.php?rest_route=%2Fwp%2Fv2%2Ftags&post=2106"}],"curies":[{"name":"wp","href":"https:\/\/api.w.org\/{rel}","templated":true}]}}